{"id":215,"date":"2022-03-04T10:22:16","date_gmt":"2022-03-04T09:22:16","guid":{"rendered":"https:\/\/jczeller.com\/de\/?p=215"},"modified":"2022-03-04T10:39:31","modified_gmt":"2022-03-04T09:39:31","slug":"graz-bleibt-grau","status":"publish","type":"post","link":"https:\/\/jczeller.com\/de\/2022\/03\/04\/graz-bleibt-grau\/","title":{"rendered":"GRAZ BLEIBT GRAU!"},"content":{"rendered":"\n<p class=\"wp-block-paragraph\"><strong>Die fensterlosen Betonfassaden in der Grazer Hilmteichstra\u00dfe werden grau bleiben. Eine wahre Geschichte dar\u00fcber, wie gute Ideen an \u201aur\u00f6sterreichischer Wurschtigkeit\u2018 scheitern k\u00f6nnen \u2013 selbst wenn es nicht an Konsens hapert.\u00a0<\/strong><\/p>\n\n\n\n<p class=\"has-text-align-center has-small-font-size wp-block-paragraph\"><a href=\"https:\/\/jczeller.com\/2022\/03\/04\/grey-grey-walls-of-home\/\">This post is also available in English.<\/a><\/p>\n\n\n\n<h2 class=\"wp-block-heading\"><strong>Grau, Grau, Grau ist alles was wir haben\u2026 Und hier ist warum.<\/strong><\/h2>\n\n\n\n<p class=\"wp-block-paragraph\"><em>Normalerweise schreibe ich in diesem Blog ja \u00fcber Suchmaschinenoptimierung. Heute geht es aber um ein ganz anderes Thema: Kunst im \u00f6ffentlichen Raum. Genauer gesagt, geht es um ein \u201aHerzensprojekt\u2018 von mir, dessen Ziel es war, graue W\u00e4nde in meiner alten Heimatstadt Graz bunt werden zu lassen. Und zwar nicht mittels n\u00e4chtlicher Spray-Aktionen, sondern durch \u00dcberzeugungskraft, Dialog und Kooperation. Kurz gesagt mit dem, was man als Medienberater eben so macht. Doch das Projekt ist gescheitert. Woran? An der \u201aur\u00f6sterreichischen Wurschtigkeit\u2018 von einigen wenigen Entscheidungstr\u00e4ger*innen, sowie an der gewisserma\u00dfen bereits stark angeschlagenen \u201eCorporate Identity\u201c einer Krankenhausgesellschaft. Was genau passiert ist, habe ich mir im Folgenden von der Seele geschrieben.<\/em><\/p>\n\n\n\n<h2 class=\"wp-block-heading\"><strong>Warum BUNT mehr kann als GRAU<\/strong><\/h2>\n\n\n\n<p class=\"wp-block-paragraph\">Zuerst mal der Reihe nach: Warum bin ich eigentlich so fest davon \u00fcberzeugt, dass \u201ebunte W\u00e4nde\u201c \u2013 also mit gro\u00dffl\u00e4chigen Murals bespr\u00fchte Fl\u00e4chen im \u00f6ffentlichen Raum \u2013 so viel besser sind als graue W\u00e4nde? Urbane Kunst verbindet Menschen. Sie regt zum Nachdenken und zum Dialog an. Sie schafft Ausdrucksraum f\u00fcr K\u00fcnstler*innen. Sie ist f\u00fcr alle frei und kostenlos zug\u00e4nglich. Grauen W\u00e4nden ist sie \u00e4sthetisch \u00fcberlegen. Zudem machen urbane Mural-Galerien die Nachbarschaften, in denen sie entstehen, nicht nur belebter, sondern auch sicherer. Von den positiven Effekten, die entstehen, wenn man niederschwelligen, \u00f6ffentlichen Kunstraum schafft, konnte ich mich als Journalist und auf meinen Reisen immer wieder selbst \u00fcberzeugen. Beispiele finden sich <a href=\"https:\/\/www.goethe.de\/de\/kul\/ges\/22406095.html\">hier<\/a>, <a href=\"http:\/\/www.tea-after-twelve.com\/all-issues\/issue-05\/issue-05\/chapter-1\/paint-thicker-than-blood\/\">hier<\/a> und <a href=\"https:\/\/www.goethe.de\/de\/kul\/bku\/22732135.html\">hier<\/a>.<\/p>\n\n\n\n<blockquote class=\"wp-block-quote is-style-large is-layout-flow wp-block-quote-is-layout-flow\" style=\"font-style:normal;font-weight:100\"><p>Urbane Kunst verbindet Menschen. Sie regt zum Nachdenken und zum Dialog an. Sie schafft Ausdrucksraum f\u00fcr K\u00fcnstler*innen. Sie ist f\u00fcr alle frei und kostenlos zug\u00e4nglich.<\/p><\/blockquote>\n\n\n\n<p class=\"wp-block-paragraph\">Mein Projekt in Graz begann damit, dass ich 2018 nach einem l\u00e4ngeren Aufenthalt in Kolumbien in meine damalige Heimatstadt zur\u00fcckkehrte und schon beim ersten Spaziergang eine architektonische Neuerung wahrnahm. An einer belebten Stelle in der N\u00e4he des Leonhardplatzes gab es auf einmal f\u00fcnf riesige, graue, fensterlose Betonfassaden zu bestaunen:<\/p>\n\n\n\n<div class=\"wp-block-image\"><figure class=\"aligncenter size-large\"><img loading=\"lazy\" decoding=\"async\" width=\"1024\" height=\"637\" src=\"https:\/\/jczeller.com\/de\/wp-content\/uploads\/2022\/03\/graue-aussichten-1024x637.jpg\" alt=\"Graue Aussichten\" class=\"wp-image-218\" srcset=\"https:\/\/jczeller.com\/de\/wp-content\/uploads\/2022\/03\/graue-aussichten-1024x637.jpg 1024w, https:\/\/jczeller.com\/de\/wp-content\/uploads\/2022\/03\/graue-aussichten-300x187.jpg 300w, https:\/\/jczeller.com\/de\/wp-content\/uploads\/2022\/03\/graue-aussichten-768x478.jpg 768w, https:\/\/jczeller.com\/de\/wp-content\/uploads\/2022\/03\/graue-aussichten.jpg 1532w\" sizes=\"auto, (max-width: 1024px) 100vw, 1024px\" \/><figcaption>Seit dem Jahr 2018 pr\u00e4gen diese grauen W\u00e4nde das Stadtbild in der Hilmteichstra\u00dfe<\/figcaption><\/figure><\/div>\n\n\n\n<p class=\"wp-block-paragraph\">In verschiedenen kolumbianischen St\u00e4dten wie Bogot\u00e1 und Medell\u00edn hatte ich Gelegenheit, dutzende Mural-Galerien zu besuchen, die mit teils \u00fcberw\u00e4ltigenden Motiven begeistern. Ich konnte mich auch immer wieder mit den Erschaffer*innen solcher Kunstwerke austauschen. F\u00fcr die K\u00fcnstler*innen gilt: je mehr Platz man f\u00fcr ein Motiv zur Verf\u00fcgung hat, desto besser. Als ich zum ersten Mal vor den gigantischen Betonw\u00e4nden in der Hilmteichstra\u00dfe stand, sah ich also gewisserma\u00dfen gar nicht das, was da war, sondern das, was sein k\u00f6nnte: eine Galerie mit f\u00fcnf beeindruckenden Murals, die Passant*innen ins Staunen versetzen w\u00fcrden. Vom ersten Moment an war ich von der Idee ergriffen, diese Vision Wirklichkeit werden zu lassen und einen Weg zu finden, eine k\u00fcnstlerische Nutzung f\u00fcr die W\u00e4nde zu erm\u00f6glichen.<\/p>\n\n\n\n<p class=\"wp-block-paragraph\">Ich blieb nicht lange unt\u00e4tig und begann \u2013 ganz der Medienberater \u2013 die potenziellen Stakeholder f\u00fcr ein solches Projekt zu evaluieren, zu kontaktieren, und von meiner Idee zu \u00fcberzeugen. Immerhin hatte ich eine ganze Reihe guter Argumente auf Lager, warum die W\u00e4nde eben besser <em>nicht<\/em> grau bleiben sollten. So ist eine Mural-Galerie zum Beispiel nicht nur aus Sicht der Stadtentwicklung interessant, sondern auch f\u00fcr den Tourismus. Ich begann, zu allerlei Menschen in Graz, die sich f\u00fcr so ein Projekt interessieren k\u00f6nnten, Kontakt aufzunehmen und meine Strategie f\u00fcr die n\u00e4chsten Schritte sorgf\u00e4ltig zurecht zu legen.<\/p>\n\n\n\n<p class=\"wp-block-paragraph\">Es war \u00fcberraschend, auf wie viel Begeisterung die Idee zu sto\u00dfen schien \u2013 quer durch verschiedene Institutionen und politische Lager. Manche meiner Kontakte begannen im Hintergrund bereits, fantastische Pl\u00e4ne zu schmieden: f\u00fcr eine stadtweite Graffiti-Galerie mit dutzenden Stationen; f\u00fcr ein regionales oder internationales Urban Art Festival; f\u00fcr \u00dcbungsw\u00e4nde f\u00fcr neue K\u00fcnstler*innen; und, und, und\u2026<\/p>\n\n\n\n<p class=\"wp-block-paragraph\">F\u00fcr mich pers\u00f6nlich war es ehrlich gesagt Nebensache, wer genau die W\u00e4nde mit welchen Motiven bemalen wird. Ob man hier zum Beispiel international-renommierte Artist*innen ans Werk l\u00e4sst, ob man regionalen K\u00fcnstler*innen den Vorrang gibt, oder ob man vielleicht die Anrainer oder sogar die ganze Stadt \u00fcber die Motive abstimmen l\u00e4sst. Der Prozess der Konsensfindung diesbez\u00fcglich w\u00e4re ein ganz anderes Kapitel gewesen. Mir war vor allem wichtig, dass die W\u00e4nde nicht grau bleiben.<\/p>\n\n\n\n<h2 class=\"wp-block-heading\"><strong>2018: Scheitern an einer M\u00e4nner-Freundschaft<\/strong><\/h2>\n\n\n\n<p class=\"wp-block-paragraph\">All der Enthusiasmus, der dem Projekt entgegengebracht wurde, war sch\u00f6n und gut. Doch das letzte Wort \u00fcber das Schicksal der W\u00e4nde w\u00fcrde der Eigent\u00fcmer treffen. Wie ich schnell herausfand, handelt es sich dabei um eine Krankenhausgesellschaft, die sich im \u00f6ffentlichen Besitz befindet.<\/p>\n\n\n\n<blockquote class=\"wp-block-quote is-style-large is-layout-flow wp-block-quote-is-layout-flow\" style=\"font-style:normal;font-weight:100\"><p><em>Bei einer internen Diskussion w\u00fcrde die Projektidee zum Gro\u00dfteil Zustimmung finden, doch es g\u00e4be einen Abteilungsleiter, der schon allein beim Klang der Worte \u201eProjekt\u201c und \u201eIdee\u201c einen Frustrationsanfall bek\u00e4me<\/em><\/p><\/blockquote>\n\n\n\n<p class=\"wp-block-paragraph\">Mit einigem R\u00fcckenwind nahm ich also Kontakt zu besagter Gesellschaft auf. Zuerst zur Abteilung f\u00fcr Unternehmenskommunikation. Auch dort reagierte man ausgesprochen positiv auf die Projektidee. Die Mitarbeiter*innen erkl\u00e4rten sich bereit, mich bei der Realisierung zu unterst\u00fctzen, soweit es ihnen m\u00f6glich sei. Um bei meinem Ansuchen an den Vorstand der Krankenhausgesellschaft die besten Chancen f\u00fcr eine Bewilligung zu haben, wurden mir damals (teils unter vorgehaltener Hand) drei wichtige Informationen anvertraut:<\/p>\n\n\n\n<p class=\"wp-block-paragraph\">1. Am Ende trifft der Vorstandsvorsitzende alleine die Entscheidung.<\/p>\n\n\n\n<p class=\"wp-block-paragraph\">2. Bei einer internen Diskussion w\u00fcrde die Projektidee zum Gro\u00dfteil Zustimmung finden, doch es g\u00e4be einen Abteilungsleiter, der schon allein beim Klang der Worte \u201eProjekt\u201c und \u201eIdee\u201c einen Frustrationsanfall bek\u00e4me und somit aller Voraussicht nach mit Ablehnung reagieren w\u00fcrde.<\/p>\n\n\n\n<p class=\"wp-block-paragraph\">3. Besagter Abteilungsleiter sei ein Busenfreund des Vorstandsvorsitzenden und habe deswegen \u00fcberproportionalen Einfluss auf dessen Entscheidung.<\/p>\n\n\n\n<p class=\"wp-block-paragraph\">Kurz gesagt: der ganze Konsens in meinem Schlepptau w\u00e4re unter Umst\u00e4nden wertlos gegen\u00fcber der ur\u00f6sterreichischen Lustlosigkeit eines einzigen Abteilungsleiters. Ich wollte trotzdem mein Gl\u00fcck versuchen und schickte \u2013 in Abstimmung mit allen, die bereits von der Projektidee wussten \u2013 ein Ansuchen an den Vorstandsvorsitzenden. Darin erkl\u00e4rte ich die zahlreichen Vorteile einer k\u00fcnstlerischen Nutzung der W\u00e4nde, sowie, dass f\u00fcr seine Gesellschaft keinerlei Kosten oder Aufwand entstehen w\u00fcrden, und dass man den Vorstand auch gerne bei der Motivauswahl mit einbinden w\u00fcrde.<\/p>\n\n\n\n<p class=\"wp-block-paragraph\">Die Antwort war kurz und knapp: die grauen Betonw\u00e4nde seien \u201ein dieser Form ein Teil des Gesamtauftrittes\u201c und \u201eFunktionsfl\u00e4chen\u201c und somit nicht f\u00fcr eine Verwendung als Mural-Galerie vorgesehen, erkl\u00e4rte er in einer schriftlichen Absage.<\/p>\n\n\n\n<p class=\"wp-block-paragraph\">Dieses Resultat war einigerma\u00dfen entt\u00e4uschend, wenn auch nicht unerwartet. Mit einer jahrzehntelangen M\u00e4nnerfreundschaft k\u00f6nnen B\u00fcrger*inneninitiative und objektive Argumente eben einfach nicht mithalten. Ich entschloss mich zu einer neuen Taktik, die mir nicht gerade im Blut liegt: Geduld.<\/p>\n\n\n\n<p class=\"wp-block-paragraph\">Immerhin war der Vorstandsvorsitzende damals bereits \u00fcber 70 Jahre alt und eine Pensionierung konnte nicht mehr allzu lange bevorstehen. Ich legte einen Google-Alert f\u00fcr seinen (eher seltenen) Nachnamen an, um automatisch benachrichtigt zu werden, sobald eine Pressemitteilung die \u00d6ffentlichkeit \u00fcber seinen R\u00fccktritt informiert. Danach k\u00f6nnte ich mein Gl\u00fcck bei seinem Nachfolger oder seiner Nachfolgerin versuchen.<\/p>\n\n\n\n<h2 class=\"wp-block-heading\"><strong>2022: Scheitern an der \u201eCorporate-Identity\u201c<\/strong><\/h2>\n\n\n\n<p class=\"wp-block-paragraph\">Drei Jahre sp\u00e4ter \u2013 im Herbst 2021 \u2013 war es so weit. Mich erreichte nicht nur ein Google-Alert, sondern gleich dutzende, denn der R\u00fccktritt des Vorstandsvorsitzenden d\u00fcrfte trotz seines stolzen Alters nicht ganz freiwillig gewesen sein. Er war mit viel \u00f6ffentlichem Druck verbunden und erzeugte ein entsprechendes Medienecho. Die Angelobung eines neuen Vorstands stand bald bevor und ich dachte mir, die M\u00f6glichkeit einer Kooperation f\u00fcr ein urbanes Kunstprojekt k\u00f6nnte der Gesellschaft jetzt vielleicht ganz gelegen kommen, um ihr angeschlagenes Image aufzupolieren.<\/p>\n\n\n\n<p class=\"wp-block-paragraph\">Ich nahm also wieder Kontakt zur Abteilung f\u00fcr Unternehmenskommunikation auf, die mich erneut mit strategischer Beratung f\u00fcr mein Ansuchen unterst\u00fctzte. Mir wurde geraten, dem neuen Vorstandsvorsitzenden etwas Zeit zur Eingew\u00f6hnung in das Amt zu geben und ihn dann zum besten Zeitpunkt auf die Projektidee anzusprechen.<\/p>\n\n\n\n<p class=\"wp-block-paragraph\">Die Wartezeit nutzte ich, um alte Synergien rund um das Projekt zu reaktivieren und es verschiedenen Funktion\u00e4r*innen der neuen Stadtregierung vorzustellen, die durchwegs begeistert reagierten und ihre Unterst\u00fctzung zusagten. Im Februar 2022 stellte ich dann mein neuerliches Ansuchen an den neuen Vorstand der Krankenhausgesellschaft, die W\u00e4nde f\u00fcr eine Mural-Galerie freizugeben.<\/p>\n\n\n\n<p class=\"wp-block-paragraph\">Die Absage kam wieder per E-Mail:<\/p>\n\n\n\n<figure class=\"wp-block-image size-full\"><img loading=\"lazy\" decoding=\"async\" width=\"571\" height=\"202\" src=\"https:\/\/jczeller.com\/de\/wp-content\/uploads\/2022\/03\/absage22.jpg\" alt=\"Absage Mural-Projekt\" class=\"wp-image-219\" srcset=\"https:\/\/jczeller.com\/de\/wp-content\/uploads\/2022\/03\/absage22.jpg 571w, https:\/\/jczeller.com\/de\/wp-content\/uploads\/2022\/03\/absage22-300x106.jpg 300w\" sizes=\"auto, (max-width: 571px) 100vw, 571px\" \/><\/figure>\n\n\n\n<p class=\"wp-block-paragraph\">Dass viele Unternehmen ihre \u201eCorporate Identity\u201c gerne wei\u00dfwaschen w\u00fcrden, ist ja grunds\u00e4tzlich nichts Neues. Bei einer Krankenhausgesellschaft l\u00e4sst sich gewisserma\u00dfen sogar nachvollziehen, dass dieser \u00c4rztekittel-Farbe eine besondere Bedeutung zugemessen wird. Das Problem ist nur: die W\u00e4nde sind nicht einmal wei\u00df!<\/p>\n\n\n\n<blockquote class=\"wp-block-quote is-style-large is-layout-flow wp-block-quote-is-layout-flow\" style=\"font-style:normal;font-weight:100\"><p><em>Die Frage, ob eine \u2013 \u00f6ffentlich verwaltete! \u2013 Gesellschaft \u00fcberhaupt eine \u201eCorporate Identity\u201c ben\u00f6tigt, oder stattdessen lieber ein offenes Ohr f\u00fcr B\u00fcrgerinitiativen und \u00f6ffentlichen Konsensus zeigen sollte, sei in den Raum gestellt.<\/em><\/p><\/blockquote>\n\n\n\n<p class=\"wp-block-paragraph\">Zugegeben, ich war zu diesem Zeitpunkt schon l\u00e4nger nicht mehr in der Hilmteichstra\u00dfe und bat deswegen einen Freund, der in der N\u00e4he wohnt, ein Foto von den W\u00e4nden zu machen, so wie sie jetzt \u2013 4 Jahre nach ihrer Errichtung \u2013 immer noch aussehen und wahrscheinlich f\u00fcr alle Zeit aussehen werden:<\/p>\n\n\n\n<div class=\"wp-block-image\"><figure class=\"aligncenter size-large\"><img loading=\"lazy\" decoding=\"async\" width=\"1024\" height=\"465\" src=\"https:\/\/jczeller.com\/de\/wp-content\/uploads\/2022\/03\/immer-noch-grau-1024x465.jpg\" alt=\"Immer noch grau...\" class=\"wp-image-217\" srcset=\"https:\/\/jczeller.com\/de\/wp-content\/uploads\/2022\/03\/immer-noch-grau-1024x465.jpg 1024w, https:\/\/jczeller.com\/de\/wp-content\/uploads\/2022\/03\/immer-noch-grau-300x136.jpg 300w, https:\/\/jczeller.com\/de\/wp-content\/uploads\/2022\/03\/immer-noch-grau-768x349.jpg 768w, https:\/\/jczeller.com\/de\/wp-content\/uploads\/2022\/03\/immer-noch-grau.jpg 1485w\" sizes=\"auto, (max-width: 1024px) 100vw, 1024px\" \/><figcaption>Die grauen Betonfassaden in der Grazer Hilmteichstra\u00dfe am 24. Februar 2022 <\/figcaption><\/figure><\/div>\n\n\n\n<p class=\"wp-block-paragraph\">Grauer Beton, der keinen Lichtstrahl durchl\u00e4sst. Offensichtlich ist das die \u201eCorporate Identity\u201c, die sich diese Krankenhausgesellschaft w\u00fcnscht. Die Frage, ob eine \u2013 \u00f6ffentlich verwaltete! \u2013 Gesellschaft \u00fcberhaupt eine \u201eCorporate Identity\u201c ben\u00f6tigt, oder stattdessen lieber ein offenes Ohr f\u00fcr B\u00fcrgerinitiativen und \u00f6ffentlichen Konsensus zeigen sollte, sei in den Raum gestellt.<\/p>\n\n\n\n<p class=\"wp-block-paragraph\">Eine Lektion aus der Geschichte ist: gegen\u00fcber \u00f6sterreichischer Freunderlwirtschaft und einer tiefen Liebe zum Beton seitens der \u00f6ffentlichen Hand sind gute Ideen, auch wenn sie Zuspruch finden, im steirischen Jargon ausgedr\u00fcckt ein \u201aL\u00e4rcherlscha\u00df\u2018.<\/p>\n\n\n\n<p class=\"wp-block-paragraph\">Ich lebe zwar schon seit einer Weile nicht mehr in Graz, doch diese Stadt liegt mir nach wie vor am Herzen, und es schmerzt schon ein bisschen feststellen zu m\u00fcssen: <strong>Graz bleibt grau.<\/strong><\/p>\n","protected":false},"excerpt":{"rendered":"<p>Die fensterlosen Betonfassaden in der Grazer Hilmteichstra\u00dfe werden grau bleiben. Eine wahre Geschichte dar\u00fcber, wie gute Ideen an \u201aur\u00f6sterreichischer Wurschtigkeit\u2018 scheitern k\u00f6nnen \u2013 selbst wenn es nicht an Konsens hapert.\u00a0 This post is also available in English. Grau, Grau, Grau ist alles was wir haben\u2026 Und hier ist warum. Normalerweise schreibe ich in diesem Blog &hellip; <\/p>\n<p class=\"link-more\"><a href=\"https:\/\/jczeller.com\/de\/2022\/03\/04\/graz-bleibt-grau\/\" class=\"more-link\">Mehr <span class=\"screen-reader-text\">\u00fcber &#8222;GRAZ BLEIBT GRAU!&#8220; <\/span>Lesen<\/a><\/p>\n","protected":false},"author":1,"featured_media":216,"comment_status":"open","ping_status":"open","sticky":false,"template":"","format":"standard","meta":{"footnotes":""},"categories":[1],"tags":[],"class_list":["post-215","post","type-post","status-publish","format-standard","has-post-thumbnail","hentry","category-allgemein"],"yoast_head":"<!-- This site is optimized with the Yoast SEO plugin v28.4 - https:\/\/yoast.com\/product\/yoast-seo-wordpress\/ -->\n<title>GRAZ BLEIBT GRAU! \u2022 Die gescheiterte Mural-Galerie<\/title>\n<meta name=\"description\" content=\"Die Mural-Galerie in der Grazer Hilmteichstra\u00dfe ist gescheitert. Untert Anderem am Unmut einer steirischen Krankenhausgesellschaft.\" \/>\n<meta name=\"robots\" content=\"index, follow, max-snippet:-1, max-image-preview:large, max-video-preview:-1\" \/>\n<link rel=\"canonical\" href=\"https:\/\/jczeller.com\/de\/2022\/03\/04\/graz-bleibt-grau\/\" \/>\n<meta property=\"og:locale\" content=\"de_DE\" \/>\n<meta property=\"og:type\" content=\"article\" \/>\n<meta property=\"og:title\" content=\"GRAZ BLEIBT GRAU!\" \/>\n<meta property=\"og:description\" content=\"Die Mural-Galerie in der Grazer Hilmteichstra\u00dfe ist gescheitert: Eine wahre Geschichte \u00fcber ur\u00f6sterreichische Wurschtigkeit und die fragw\u00fcrdige \u201aCorporate Identity\u2018 einer Krankenhausgesellschaft.\" \/>\n<meta property=\"og:url\" content=\"https:\/\/jczeller.com\/de\/2022\/03\/04\/graz-bleibt-grau\/\" \/>\n<meta property=\"og:site_name\" content=\"Ihr SEO-Berater und Copywriter.\" \/>\n<meta property=\"article:published_time\" content=\"2022-03-04T09:22:16+00:00\" \/>\n<meta property=\"article:modified_time\" content=\"2022-03-04T09:39:31+00:00\" \/>\n<meta property=\"og:image\" content=\"https:\/\/jczeller.com\/de\/wp-content\/uploads\/2022\/03\/graz-bleibt-grau-og.jpg\" \/>\n\t<meta property=\"og:image:width\" content=\"1339\" \/>\n\t<meta property=\"og:image:height\" content=\"834\" \/>\n\t<meta property=\"og:image:type\" content=\"image\/jpeg\" \/>\n<meta name=\"author\" content=\"J.C. Zeller\" \/>\n<meta name=\"twitter:card\" content=\"summary_large_image\" \/>\n<meta name=\"twitter:title\" content=\"Graz bleibt grau!\" \/>\n<meta name=\"twitter:description\" content=\"Die Mural-Galerie in der Grazer Hilmteichstra\u00dfe ist gescheitert: Eine wahre Geschichte \u00fcber ur\u00f6sterreichische Wurschtigkeit und die fragw\u00fcrdige \u201aCorporate Identity\u2018 einer Krankenhausgesellschaft.\" \/>\n<meta name=\"twitter:image\" content=\"https:\/\/jczeller.com\/de\/wp-content\/uploads\/2022\/03\/graz-bleibt-grau-og.jpg\" \/>\n<meta name=\"twitter:label1\" content=\"Verfasst von\" \/>\n\t<meta name=\"twitter:data1\" content=\"J.C. Zeller\" \/>\n\t<meta name=\"twitter:label2\" content=\"Gesch\u00e4tzte Lesezeit\" \/>\n\t<meta name=\"twitter:data2\" content=\"10\u00a0Minuten\" \/>\n<script type=\"application\/ld+json\" class=\"yoast-schema-graph\">{\"@context\":\"https:\\\/\\\/schema.org\",\"@graph\":[{\"@type\":\"Article\",\"@id\":\"https:\\\/\\\/jczeller.com\\\/de\\\/2022\\\/03\\\/04\\\/graz-bleibt-grau\\\/#article\",\"isPartOf\":{\"@id\":\"https:\\\/\\\/jczeller.com\\\/de\\\/2022\\\/03\\\/04\\\/graz-bleibt-grau\\\/\"},\"author\":{\"name\":\"J.C. Zeller\",\"@id\":\"https:\\\/\\\/jczeller.com\\\/de\\\/#\\\/schema\\\/person\\\/c0ac6310fe304f198d79a0e2d471ef06\"},\"headline\":\"GRAZ BLEIBT GRAU!\",\"datePublished\":\"2022-03-04T09:22:16+00:00\",\"dateModified\":\"2022-03-04T09:39:31+00:00\",\"mainEntityOfPage\":{\"@id\":\"https:\\\/\\\/jczeller.com\\\/de\\\/2022\\\/03\\\/04\\\/graz-bleibt-grau\\\/\"},\"wordCount\":1692,\"commentCount\":1,\"publisher\":{\"@id\":\"https:\\\/\\\/jczeller.com\\\/de\\\/#organization\"},\"image\":{\"@id\":\"https:\\\/\\\/jczeller.com\\\/de\\\/2022\\\/03\\\/04\\\/graz-bleibt-grau\\\/#primaryimage\"},\"thumbnailUrl\":\"https:\\\/\\\/jczeller.com\\\/de\\\/wp-content\\\/uploads\\\/2022\\\/03\\\/graz-bleibt-grau-og.jpg\",\"inLanguage\":\"de\",\"potentialAction\":[{\"@type\":\"CommentAction\",\"name\":\"Comment\",\"target\":[\"https:\\\/\\\/jczeller.com\\\/de\\\/2022\\\/03\\\/04\\\/graz-bleibt-grau\\\/#respond\"]}]},{\"@type\":\"WebPage\",\"@id\":\"https:\\\/\\\/jczeller.com\\\/de\\\/2022\\\/03\\\/04\\\/graz-bleibt-grau\\\/\",\"url\":\"https:\\\/\\\/jczeller.com\\\/de\\\/2022\\\/03\\\/04\\\/graz-bleibt-grau\\\/\",\"name\":\"GRAZ BLEIBT GRAU! \u2022 Die gescheiterte Mural-Galerie\",\"isPartOf\":{\"@id\":\"https:\\\/\\\/jczeller.com\\\/de\\\/#website\"},\"primaryImageOfPage\":{\"@id\":\"https:\\\/\\\/jczeller.com\\\/de\\\/2022\\\/03\\\/04\\\/graz-bleibt-grau\\\/#primaryimage\"},\"image\":{\"@id\":\"https:\\\/\\\/jczeller.com\\\/de\\\/2022\\\/03\\\/04\\\/graz-bleibt-grau\\\/#primaryimage\"},\"thumbnailUrl\":\"https:\\\/\\\/jczeller.com\\\/de\\\/wp-content\\\/uploads\\\/2022\\\/03\\\/graz-bleibt-grau-og.jpg\",\"datePublished\":\"2022-03-04T09:22:16+00:00\",\"dateModified\":\"2022-03-04T09:39:31+00:00\",\"description\":\"Die Mural-Galerie in der Grazer Hilmteichstra\u00dfe ist gescheitert. Untert Anderem am Unmut einer steirischen Krankenhausgesellschaft.\",\"breadcrumb\":{\"@id\":\"https:\\\/\\\/jczeller.com\\\/de\\\/2022\\\/03\\\/04\\\/graz-bleibt-grau\\\/#breadcrumb\"},\"inLanguage\":\"de\",\"potentialAction\":[{\"@type\":\"ReadAction\",\"target\":[\"https:\\\/\\\/jczeller.com\\\/de\\\/2022\\\/03\\\/04\\\/graz-bleibt-grau\\\/\"]}]},{\"@type\":\"ImageObject\",\"inLanguage\":\"de\",\"@id\":\"https:\\\/\\\/jczeller.com\\\/de\\\/2022\\\/03\\\/04\\\/graz-bleibt-grau\\\/#primaryimage\",\"url\":\"https:\\\/\\\/jczeller.com\\\/de\\\/wp-content\\\/uploads\\\/2022\\\/03\\\/graz-bleibt-grau-og.jpg\",\"contentUrl\":\"https:\\\/\\\/jczeller.com\\\/de\\\/wp-content\\\/uploads\\\/2022\\\/03\\\/graz-bleibt-grau-og.jpg\",\"width\":1339,\"height\":834,\"caption\":\"Graz bleibt grau :(\"},{\"@type\":\"BreadcrumbList\",\"@id\":\"https:\\\/\\\/jczeller.com\\\/de\\\/2022\\\/03\\\/04\\\/graz-bleibt-grau\\\/#breadcrumb\",\"itemListElement\":[{\"@type\":\"ListItem\",\"position\":1,\"name\":\"Startseite\",\"item\":\"https:\\\/\\\/jczeller.com\\\/de\\\/\"},{\"@type\":\"ListItem\",\"position\":2,\"name\":\"GRAZ BLEIBT GRAU!\"}]},{\"@type\":\"WebSite\",\"@id\":\"https:\\\/\\\/jczeller.com\\\/de\\\/#website\",\"url\":\"https:\\\/\\\/jczeller.com\\\/de\\\/\",\"name\":\"Ihr SEO-Berater und Copywriter.\",\"description\":\"Kreativit\u00e4t trifft Expertise\",\"publisher\":{\"@id\":\"https:\\\/\\\/jczeller.com\\\/de\\\/#organization\"},\"potentialAction\":[{\"@type\":\"SearchAction\",\"target\":{\"@type\":\"EntryPoint\",\"urlTemplate\":\"https:\\\/\\\/jczeller.com\\\/de\\\/?s={search_term_string}\"},\"query-input\":{\"@type\":\"PropertyValueSpecification\",\"valueRequired\":true,\"valueName\":\"search_term_string\"}}],\"inLanguage\":\"de\"},{\"@type\":\"Organization\",\"@id\":\"https:\\\/\\\/jczeller.com\\\/de\\\/#organization\",\"name\":\"Ihr SEO-Berater und Copywriter.\",\"url\":\"https:\\\/\\\/jczeller.com\\\/de\\\/\",\"logo\":{\"@type\":\"ImageObject\",\"inLanguage\":\"de\",\"@id\":\"https:\\\/\\\/jczeller.com\\\/de\\\/#\\\/schema\\\/logo\\\/image\\\/\",\"url\":\"https:\\\/\\\/jczeller.com\\\/de\\\/wp-content\\\/uploads\\\/2021\\\/09\\\/logo-jcz-trans3.png\",\"contentUrl\":\"https:\\\/\\\/jczeller.com\\\/de\\\/wp-content\\\/uploads\\\/2021\\\/09\\\/logo-jcz-trans3.png\",\"width\":561,\"height\":881,\"caption\":\"Ihr SEO-Berater und Copywriter.\"},\"image\":{\"@id\":\"https:\\\/\\\/jczeller.com\\\/de\\\/#\\\/schema\\\/logo\\\/image\\\/\"}},{\"@type\":\"Person\",\"@id\":\"https:\\\/\\\/jczeller.com\\\/de\\\/#\\\/schema\\\/person\\\/c0ac6310fe304f198d79a0e2d471ef06\",\"name\":\"J.C. Zeller\",\"image\":{\"@type\":\"ImageObject\",\"inLanguage\":\"de\",\"@id\":\"https:\\\/\\\/jczeller.com\\\/de\\\/wp-content\\\/uploads\\\/2021\\\/09\\\/portrait-jcz-96x96.jpg\",\"url\":\"https:\\\/\\\/jczeller.com\\\/de\\\/wp-content\\\/uploads\\\/2021\\\/09\\\/portrait-jcz-96x96.jpg\",\"contentUrl\":\"https:\\\/\\\/jczeller.com\\\/de\\\/wp-content\\\/uploads\\\/2021\\\/09\\\/portrait-jcz-96x96.jpg\",\"caption\":\"J.C. Zeller\"},\"sameAs\":[\"https:\\\/\\\/jczeller.com\\\/de\"],\"url\":\"https:\\\/\\\/jczeller.com\\\/de\\\/author\\\/seo_admin\\\/\"}]}<\/script>\n<!-- \/ Yoast SEO plugin. -->","yoast_head_json":{"title":"GRAZ BLEIBT GRAU! \u2022 Die gescheiterte Mural-Galerie","description":"Die Mural-Galerie in der Grazer Hilmteichstra\u00dfe ist gescheitert. Untert Anderem am Unmut einer steirischen Krankenhausgesellschaft.","robots":{"index":"index","follow":"follow","max-snippet":"max-snippet:-1","max-image-preview":"max-image-preview:large","max-video-preview":"max-video-preview:-1"},"canonical":"https:\/\/jczeller.com\/de\/2022\/03\/04\/graz-bleibt-grau\/","og_locale":"de_DE","og_type":"article","og_title":"GRAZ BLEIBT GRAU!","og_description":"Die Mural-Galerie in der Grazer Hilmteichstra\u00dfe ist gescheitert: Eine wahre Geschichte \u00fcber ur\u00f6sterreichische Wurschtigkeit und die fragw\u00fcrdige \u201aCorporate Identity\u2018 einer Krankenhausgesellschaft.","og_url":"https:\/\/jczeller.com\/de\/2022\/03\/04\/graz-bleibt-grau\/","og_site_name":"Ihr SEO-Berater und Copywriter.","article_published_time":"2022-03-04T09:22:16+00:00","article_modified_time":"2022-03-04T09:39:31+00:00","og_image":[{"width":1339,"height":834,"url":"https:\/\/jczeller.com\/de\/wp-content\/uploads\/2022\/03\/graz-bleibt-grau-og.jpg","type":"image\/jpeg"}],"author":"J.C. Zeller","twitter_card":"summary_large_image","twitter_title":"Graz bleibt grau!","twitter_description":"Die Mural-Galerie in der Grazer Hilmteichstra\u00dfe ist gescheitert: Eine wahre Geschichte \u00fcber ur\u00f6sterreichische Wurschtigkeit und die fragw\u00fcrdige \u201aCorporate Identity\u2018 einer Krankenhausgesellschaft.","twitter_image":"https:\/\/jczeller.com\/de\/wp-content\/uploads\/2022\/03\/graz-bleibt-grau-og.jpg","twitter_misc":{"Verfasst von":"J.C. Zeller","Gesch\u00e4tzte Lesezeit":"10\u00a0Minuten"},"schema":{"@context":"https:\/\/schema.org","@graph":[{"@type":"Article","@id":"https:\/\/jczeller.com\/de\/2022\/03\/04\/graz-bleibt-grau\/#article","isPartOf":{"@id":"https:\/\/jczeller.com\/de\/2022\/03\/04\/graz-bleibt-grau\/"},"author":{"name":"J.C. Zeller","@id":"https:\/\/jczeller.com\/de\/#\/schema\/person\/c0ac6310fe304f198d79a0e2d471ef06"},"headline":"GRAZ BLEIBT GRAU!","datePublished":"2022-03-04T09:22:16+00:00","dateModified":"2022-03-04T09:39:31+00:00","mainEntityOfPage":{"@id":"https:\/\/jczeller.com\/de\/2022\/03\/04\/graz-bleibt-grau\/"},"wordCount":1692,"commentCount":1,"publisher":{"@id":"https:\/\/jczeller.com\/de\/#organization"},"image":{"@id":"https:\/\/jczeller.com\/de\/2022\/03\/04\/graz-bleibt-grau\/#primaryimage"},"thumbnailUrl":"https:\/\/jczeller.com\/de\/wp-content\/uploads\/2022\/03\/graz-bleibt-grau-og.jpg","inLanguage":"de","potentialAction":[{"@type":"CommentAction","name":"Comment","target":["https:\/\/jczeller.com\/de\/2022\/03\/04\/graz-bleibt-grau\/#respond"]}]},{"@type":"WebPage","@id":"https:\/\/jczeller.com\/de\/2022\/03\/04\/graz-bleibt-grau\/","url":"https:\/\/jczeller.com\/de\/2022\/03\/04\/graz-bleibt-grau\/","name":"GRAZ BLEIBT GRAU! \u2022 Die gescheiterte Mural-Galerie","isPartOf":{"@id":"https:\/\/jczeller.com\/de\/#website"},"primaryImageOfPage":{"@id":"https:\/\/jczeller.com\/de\/2022\/03\/04\/graz-bleibt-grau\/#primaryimage"},"image":{"@id":"https:\/\/jczeller.com\/de\/2022\/03\/04\/graz-bleibt-grau\/#primaryimage"},"thumbnailUrl":"https:\/\/jczeller.com\/de\/wp-content\/uploads\/2022\/03\/graz-bleibt-grau-og.jpg","datePublished":"2022-03-04T09:22:16+00:00","dateModified":"2022-03-04T09:39:31+00:00","description":"Die Mural-Galerie in der Grazer Hilmteichstra\u00dfe ist gescheitert. Untert Anderem am Unmut einer steirischen Krankenhausgesellschaft.","breadcrumb":{"@id":"https:\/\/jczeller.com\/de\/2022\/03\/04\/graz-bleibt-grau\/#breadcrumb"},"inLanguage":"de","potentialAction":[{"@type":"ReadAction","target":["https:\/\/jczeller.com\/de\/2022\/03\/04\/graz-bleibt-grau\/"]}]},{"@type":"ImageObject","inLanguage":"de","@id":"https:\/\/jczeller.com\/de\/2022\/03\/04\/graz-bleibt-grau\/#primaryimage","url":"https:\/\/jczeller.com\/de\/wp-content\/uploads\/2022\/03\/graz-bleibt-grau-og.jpg","contentUrl":"https:\/\/jczeller.com\/de\/wp-content\/uploads\/2022\/03\/graz-bleibt-grau-og.jpg","width":1339,"height":834,"caption":"Graz bleibt grau :("},{"@type":"BreadcrumbList","@id":"https:\/\/jczeller.com\/de\/2022\/03\/04\/graz-bleibt-grau\/#breadcrumb","itemListElement":[{"@type":"ListItem","position":1,"name":"Startseite","item":"https:\/\/jczeller.com\/de\/"},{"@type":"ListItem","position":2,"name":"GRAZ BLEIBT GRAU!"}]},{"@type":"WebSite","@id":"https:\/\/jczeller.com\/de\/#website","url":"https:\/\/jczeller.com\/de\/","name":"Ihr SEO-Berater und Copywriter.","description":"Kreativit\u00e4t trifft Expertise","publisher":{"@id":"https:\/\/jczeller.com\/de\/#organization"},"potentialAction":[{"@type":"SearchAction","target":{"@type":"EntryPoint","urlTemplate":"https:\/\/jczeller.com\/de\/?s={search_term_string}"},"query-input":{"@type":"PropertyValueSpecification","valueRequired":true,"valueName":"search_term_string"}}],"inLanguage":"de"},{"@type":"Organization","@id":"https:\/\/jczeller.com\/de\/#organization","name":"Ihr SEO-Berater und Copywriter.","url":"https:\/\/jczeller.com\/de\/","logo":{"@type":"ImageObject","inLanguage":"de","@id":"https:\/\/jczeller.com\/de\/#\/schema\/logo\/image\/","url":"https:\/\/jczeller.com\/de\/wp-content\/uploads\/2021\/09\/logo-jcz-trans3.png","contentUrl":"https:\/\/jczeller.com\/de\/wp-content\/uploads\/2021\/09\/logo-jcz-trans3.png","width":561,"height":881,"caption":"Ihr SEO-Berater und Copywriter."},"image":{"@id":"https:\/\/jczeller.com\/de\/#\/schema\/logo\/image\/"}},{"@type":"Person","@id":"https:\/\/jczeller.com\/de\/#\/schema\/person\/c0ac6310fe304f198d79a0e2d471ef06","name":"J.C. Zeller","image":{"@type":"ImageObject","inLanguage":"de","@id":"https:\/\/jczeller.com\/de\/wp-content\/uploads\/2021\/09\/portrait-jcz-96x96.jpg","url":"https:\/\/jczeller.com\/de\/wp-content\/uploads\/2021\/09\/portrait-jcz-96x96.jpg","contentUrl":"https:\/\/jczeller.com\/de\/wp-content\/uploads\/2021\/09\/portrait-jcz-96x96.jpg","caption":"J.C. Zeller"},"sameAs":["https:\/\/jczeller.com\/de"],"url":"https:\/\/jczeller.com\/de\/author\/seo_admin\/"}]}},"_links":{"self":[{"href":"https:\/\/jczeller.com\/de\/wp-json\/wp\/v2\/posts\/215","targetHints":{"allow":["GET"]}}],"collection":[{"href":"https:\/\/jczeller.com\/de\/wp-json\/wp\/v2\/posts"}],"about":[{"href":"https:\/\/jczeller.com\/de\/wp-json\/wp\/v2\/types\/post"}],"author":[{"embeddable":true,"href":"https:\/\/jczeller.com\/de\/wp-json\/wp\/v2\/users\/1"}],"replies":[{"embeddable":true,"href":"https:\/\/jczeller.com\/de\/wp-json\/wp\/v2\/comments?post=215"}],"version-history":[{"count":3,"href":"https:\/\/jczeller.com\/de\/wp-json\/wp\/v2\/posts\/215\/revisions"}],"predecessor-version":[{"id":223,"href":"https:\/\/jczeller.com\/de\/wp-json\/wp\/v2\/posts\/215\/revisions\/223"}],"wp:featuredmedia":[{"embeddable":true,"href":"https:\/\/jczeller.com\/de\/wp-json\/wp\/v2\/media\/216"}],"wp:attachment":[{"href":"https:\/\/jczeller.com\/de\/wp-json\/wp\/v2\/media?parent=215"}],"wp:term":[{"taxonomy":"category","embeddable":true,"href":"https:\/\/jczeller.com\/de\/wp-json\/wp\/v2\/categories?post=215"},{"taxonomy":"post_tag","embeddable":true,"href":"https:\/\/jczeller.com\/de\/wp-json\/wp\/v2\/tags?post=215"}],"curies":[{"name":"wp","href":"https:\/\/api.w.org\/{rel}","templated":true}]}}